{"id":54806,"date":"2026-08-31T15:39:31","date_gmt":"2026-08-31T12:39:31","guid":{"rendered":"https:\/\/fundatiadanvoiculescu.ro\/?p=54806"},"modified":"2026-08-31T15:39:31","modified_gmt":"2026-08-31T12:39:31","slug":"de-la-tratarea-bolilor-la-incetinirea-imbatranirii-congresul-international-de-longevitate-2026-transforma-bucurestiul-in-capitala-europeana-a-medicinei-viitorului","status":"publish","type":"post","link":"https:\/\/fundatiadanvoiculescu.ro\/en\/de-la-tratarea-bolilor-la-incetinirea-imbatranirii-congresul-international-de-longevitate-2026-transforma-bucurestiul-in-capitala-europeana-a-medicinei-viitorului\/","title":{"rendered":"De la tratarea bolilor la \u00eencetinirea \u00eemb\u0103tr\u00e2nirii: Congresul Interna\u021bional de Longevitate 2026 transform\u0103 Bucure\u0219tiul \u00een capitala european\u0103 a medicinei viitorului"},"content":{"rendered":"<p style=\"text-align: justify;\">Senatul \u0218tiin\u021bific al Funda\u021biei Dan Voiculescu pentru Dezvoltarea Rom\u00e2niei conecteaz\u0103 cercetarea \u0219i practica medical\u0103 din \u021bara noastr\u0103 la cele mai \u00eenalte standarde interna\u021bionale, aduc\u00e2nd \u00een Rom\u00e2nia cele mai noi descoperiri, tehnologii anti-aging \u0219i protocoale de preven\u021bie \u00een cadrul celei de-a doua edi\u021bii a <strong>Congresului Interna\u021bional de Longevitate<\/strong> &#8211; un eveniment \u0219tiin\u021bific de referin\u021b\u0103 la nivel european, programat pentru data de 24 septembrie 2026, la Biblioteca Na\u021bional\u0103 a Rom\u00e2niei. Congresul este organizat \u00een parteneriat cu <strong>International Longevity Alliance<\/strong> and <strong>VETEK Association<\/strong> &#8211; dou\u0103 organiza\u021bii interna\u021bionale dedicate cercet\u0103rii \u0219i promov\u0103rii longevit\u0103\u021bii s\u0103n\u0103toase. Evenimentul se desf\u0103\u0219oar\u0103 \u00een deschiderea Longevity Expo Forum Fest, Edi\u021bia a IV-a, un proiect organizat de Antena 3 CNN \u0219i Longevity Magazine. Evenimentul marcheaz\u0103 trecerea de la teoria cercet\u0103rii fundamentale la implementarea direct\u0103 \u00een practica clinic\u0103, av\u00e2nd ca obiectiv principal extinderea perioadei de via\u021b\u0103 s\u0103n\u0103toas\u0103 \u0219i func\u021bional\u0103, concept cunoscut \u00een lumea medical\u0103 sub denumirea de healthspan.<\/p>\n<p style=\"text-align: justify;\">La nivel global, medicina traverseaz\u0103 o schimbare de paradigm\u0103 istoric\u0103, trec\u00e2nd de la simpla tratare a bolilor la interven\u021bia direct\u0103 asupra procesului biologic de \u00eemb\u0103tr\u00e2nire. \u00cen centre academice de prestigiu precum Harvard Medical School, cercet\u0103torii valideaz\u0103 deja posibilitatea reprogram\u0103rii celulare, demonstr\u00e2nd c\u0103 o celul\u0103 adult\u0103 poate fi readus\u0103 la o stare func\u021bional\u0103 t\u00e2n\u0103r\u0103, \u00een timp ce exper\u021bii de la Institutul Karolinska din Suedia dezvolt\u0103 biomarkeri epigenetici capabili s\u0103 m\u0103soare exact v\u00e2rsta biologic\u0103 \u0219i s\u0103 anticipeze riscul de boal\u0103 \u00eenainte de apari\u021bia simptomelor clinice. Mai mult, comunitatea \u0219tiin\u021bific\u0103 interna\u021bional\u0103 avanseaz\u0103 rapid spre ceea ce speciali\u0219tii americani numesc \u201eviteza de evadare a longevit\u0103\u021bii\u201d \u2013 momentul estimat pentru urm\u0103torii 12-15 ani \u00een care biotehnologia \u0219i medicina regenerativ\u0103 vor putea repara daunele celulare mai rapid dec\u00e2t se acumuleaz\u0103 acestea \u00een organism. Acesta este contextul efervescent \u00een care Rom\u00e2nia \u00ee\u0219i revendic\u0103 un loc la masa discu\u021biilor globale.<\/p>\n<p style=\"text-align: justify;\">Fiecare direc\u021bie a Congresului Interna\u021bional de Longevitate este abordat\u0103 prin prisma relevan\u021bei clinice \u0219i a poten\u021bialului real de integrare \u00een medicina modern\u0103, ariile tematice explor\u00e2nd mecanismele celulare din biologia \u00eemb\u0103tr\u00e2nirii, utilizarea biomarkerilor longevit\u0103\u021bii pentru monitorizarea pe termen lung, inova\u021biile din medicina regenerativ\u0103 \u0219i modelele avansate de inteligen\u021b\u0103 artificial\u0103 aplicate \u00een medicina predictiv\u0103.<\/p>\n<p style=\"text-align: justify;\">Relevan\u021ba major\u0103 a acestui eveniment pentru comunitatea \u0219tiin\u021bific\u0103 rom\u00e2neasc\u0103 este sus\u021binut\u0103 de prezen\u021ba unor lideri mondiali care modeleaz\u0103 ast\u0103zi viitorul s\u0103n\u0103t\u0103\u021bii. Printre speakerii interna\u021bionali, care aduc la Bucure\u0219ti perspective din biologia \u00eemb\u0103tr\u00e2nirii, epigenetic\u0103, neuro\u0219tiin\u021be \u0219i tehnologiile viitorului, se num\u0103r\u0103:<\/p>\n<p style=\"text-align: justify;\">&#8211; Dr. Maria Blasco, renumit biolog molecular \u0219i fost director al Centrului Na\u021bional de Cercetare Oncologic\u0103 din Spania, a c\u0103rei munc\u0103 a revolu\u021bionat \u00een\u021belegerea rolului telomerilor \u00een regenerarea \u021besuturilor \u0219i prevenirea \u00eemb\u0103tr\u00e2nirii;<\/p>\n<p style=\"text-align: justify;\">&#8211; Dr. Ilia Stambler, fondator al International Longevity Alliance, va aduce expertiza sa vast\u0103 privind integrarea medicinei longevit\u0103\u021bii \u00een politicile publice globale;<\/p>\n<p style=\"text-align: justify;\">&#8211; Inginerul transumanist Jos\u00e9 Cordeiro va explora convergen\u021ba fascinant\u0103 dintre inteligen\u021ba artificial\u0103 \u0219i prelungirea vie\u021bii.<\/p>\n<p style=\"text-align: justify;\">Aceast\u0103 platform\u0103 de dialog interna\u021bional este completat\u0103 de interven\u021biile profesorului Valerio Orlando, expert mondial \u00een epigenetic\u0103, \u0219i ale cercet\u0103toarei Elizabete Argale, a c\u0103rei activitate este concentrat\u0103 pe aspectele specifice ale longevit\u0103\u021bii feminine.<\/p>\n<p style=\"text-align: justify;\">Congresul Interna\u021bional de Longevitate devine un pilon central al inova\u021biei medicale \u00een Europa de Sud-Est \u0219i se bazeaz\u0103 pe rezultatele remarcabile ob\u021binute la edi\u021bia de anul trecut, care a reunit peste patru sute de participan\u021bi \u00een sal\u0103. Asisten\u021ba a fost format\u0103 din medici, cercet\u0103tori \u0219i cadre universitare dornice s\u0103 asimileze noile direc\u021bii de diagnostic \u0219i tratament. Cele dou\u0103sprezece ore de prezent\u0103ri au adus pe aceea\u0219i scen\u0103 treizeci de exper\u021bi na\u021bionali \u0219i zece speakeri interna\u021bionali afilia\u021bi unor institu\u021bii academice de prestigiu mondial, precum Harvard Medical School, Yale University \u0219i Institutul Karolinska.<\/p>\n<p style=\"text-align: justify;\">Edi\u021bia din 2026 continu\u0103 \u0219i amplific\u0103 aceast\u0103 mo\u0219tenire impresionant\u0103, oferind speciali\u0219tilor rom\u00e2ni din domeniul s\u0103n\u0103t\u0103\u021bii acces direct la cercetarea de frontier\u0103 \u0219i instrumentele necesare pentru a integra terapiile de ultim\u0103 genera\u021bie \u00een deciziile clinice de zi cu zi.<\/p>\n<span class=\"et_bloom_bottom_trigger\"><\/span>","protected":false},"excerpt":{"rendered":"<p>Senatul \u0218tiin\u021bific al Funda\u021biei Dan Voiculescu pentru Dezvoltarea Rom\u00e2niei conecteaz\u0103 cercetarea \u0219i practica medical\u0103 din \u021bara noastr\u0103 la cele mai \u00eenalte standarde interna\u021bionale, aduc\u00e2nd \u00een Rom\u00e2nia cele mai noi descoperiri, tehnologii anti-aging \u0219i protocoale de preven\u021bie \u00een cadrul celei de-a doua edi\u021bii a Congresului Interna\u021bional de Longevitate &#8211; un eveniment \u0219tiin\u021bific de referin\u021b\u0103 la nivel [&hellip;]<\/p>\n","protected":false},"author":4436,"featured_media":54807,"comment_status":"closed","ping_status":"closed","sticky":false,"template":"","format":"standard","meta":{"_acf_changed":false,"_jetpack_newsletter_access":"","_jetpack_dont_email_post_to_subs":false,"_jetpack_newsletter_tier_id":0,"_jetpack_memberships_contains_paywalled_content":false,"_jetpack_feature_clip_id":0,"_jetpack_memberships_contains_paid_content":false,"footnotes":"","jetpack_post_was_ever_published":false},"categories":[92,3373,128,3228,100],"tags":[],"class_list":["post-54806","post","type-post","status-publish","format-standard","has-post-thumbnail","hentry","category-comunicate-de-presa","category-congresul-international-de-longevitate","category-evenimente","category-noutati-cercetare-si-dezvoltare","category-stiri"],"acf":[],"yoast_head":"<!-- This site is optimized with the Yoast SEO plugin v28.3 - https:\/\/yoast.com\/product\/yoast-seo-wordpress\/ -->\n<title>De la tratarea bolilor la \u00eencetinirea \u00eemb\u0103tr\u00e2nirii: Congresul Interna\u021bional de Longevitate 2026 transform\u0103 Bucure\u0219tiul \u00een capitala european\u0103 a medicinei viitorului - Fundatia Dan Voiculescu pentru Dezvoltarea Romaniei<\/title>\n<meta name=\"robots\" content=\"index, follow, max-snippet:-1, max-image-preview:large, max-video-preview:-1\" \/>\n<link rel=\"canonical\" href=\"https:\/\/fundatiadanvoiculescu.ro\/en\/de-la-tratarea-bolilor-la-incetinirea-imbatranirii-congresul-international-de-longevitate-2026-transforma-bucurestiul-in-capitala-europeana-a-medicinei-viitorului\/\" \/>\n<meta property=\"og:locale\" content=\"en_US\" \/>\n<meta property=\"og:type\" content=\"article\" \/>\n<meta property=\"og:title\" content=\"De la tratarea bolilor la \u00eencetinirea \u00eemb\u0103tr\u00e2nirii: Congresul Interna\u021bional de Longevitate 2026 transform\u0103 Bucure\u0219tiul \u00een capitala european\u0103 a medicinei viitorului - Fundatia Dan Voiculescu pentru Dezvoltarea Romaniei\" \/>\n<meta property=\"og:description\" content=\"Senatul \u0218tiin\u021bific al Funda\u021biei Dan Voiculescu pentru Dezvoltarea Rom\u00e2niei conecteaz\u0103 cercetarea \u0219i practica medical\u0103 din \u021bara noastr\u0103 la cele mai \u00eenalte standarde interna\u021bionale, aduc\u00e2nd \u00een Rom\u00e2nia cele mai noi descoperiri, tehnologii anti-aging \u0219i protocoale de preven\u021bie \u00een cadrul celei de-a doua edi\u021bii a Congresului Interna\u021bional de Longevitate &#8211; un eveniment \u0219tiin\u021bific de referin\u021b\u0103 la nivel [&hellip;]\" \/>\n<meta property=\"og:url\" content=\"https:\/\/fundatiadanvoiculescu.ro\/en\/de-la-tratarea-bolilor-la-incetinirea-imbatranirii-congresul-international-de-longevitate-2026-transforma-bucurestiul-in-capitala-europeana-a-medicinei-viitorului\/\" \/>\n<meta property=\"og:site_name\" content=\"Fundatia Dan Voiculescu pentru Dezvoltarea Romaniei\" \/>\n<meta property=\"article:publisher\" content=\"https:\/\/www.facebook.com\/fdvdr\/\" \/>\n<meta property=\"article:published_time\" content=\"2026-08-31T12:39:31+00:00\" \/>\n<meta property=\"og:image\" content=\"https:\/\/fundatiadanvoiculescu.ro\/wp-content\/uploads\/2026\/08\/31.08-speakeri-cil-comunicat.png\" \/>\n\t<meta property=\"og:image:width\" content=\"1920\" \/>\n\t<meta property=\"og:image:height\" content=\"1080\" \/>\n\t<meta property=\"og:image:type\" content=\"image\/png\" \/>\n<meta name=\"author\" content=\"FDVDR\" \/>\n<meta name=\"twitter:card\" content=\"summary_large_image\" \/>\n<meta name=\"twitter:label1\" content=\"Written by\" \/>\n\t<meta name=\"twitter:data1\" content=\"FDVDR\" \/>\n\t<meta name=\"twitter:label2\" content=\"Est. reading time\" \/>\n\t<meta name=\"twitter:data2\" content=\"4 minutes\" \/>\n<script type=\"application\/ld+json\" class=\"yoast-schema-graph\">{\"@context\":\"https:\\\/\\\/schema.org\",\"@graph\":[{\"@type\":\"Article\",\"@id\":\"https:\\\/\\\/fundatiadanvoiculescu.ro\\\/de-la-tratarea-bolilor-la-incetinirea-imbatranirii-congresul-international-de-longevitate-2026-transforma-bucurestiul-in-capitala-europeana-a-medicinei-viitorului\\\/#article\",\"isPartOf\":{\"@id\":\"https:\\\/\\\/fundatiadanvoiculescu.ro\\\/de-la-tratarea-bolilor-la-incetinirea-imbatranirii-congresul-international-de-longevitate-2026-transforma-bucurestiul-in-capitala-europeana-a-medicinei-viitorului\\\/\"},\"author\":{\"name\":\"FDVDR\",\"@id\":\"https:\\\/\\\/fundatiadanvoiculescu.ro\\\/en\\\/#\\\/schema\\\/person\\\/3c93a3f62c738a414a59bf5890a72fad\"},\"headline\":\"De la tratarea bolilor la \u00eencetinirea \u00eemb\u0103tr\u00e2nirii: Congresul Interna\u021bional de Longevitate 2026 transform\u0103 Bucure\u0219tiul \u00een capitala european\u0103 a medicinei viitorului\",\"datePublished\":\"2026-08-31T12:39:31+00:00\",\"mainEntityOfPage\":{\"@id\":\"https:\\\/\\\/fundatiadanvoiculescu.ro\\\/de-la-tratarea-bolilor-la-incetinirea-imbatranirii-congresul-international-de-longevitate-2026-transforma-bucurestiul-in-capitala-europeana-a-medicinei-viitorului\\\/\"},\"wordCount\":738,\"publisher\":{\"@id\":\"https:\\\/\\\/fundatiadanvoiculescu.ro\\\/en\\\/#organization\"},\"image\":{\"@id\":\"https:\\\/\\\/fundatiadanvoiculescu.ro\\\/de-la-tratarea-bolilor-la-incetinirea-imbatranirii-congresul-international-de-longevitate-2026-transforma-bucurestiul-in-capitala-europeana-a-medicinei-viitorului\\\/#primaryimage\"},\"thumbnailUrl\":\"https:\\\/\\\/fundatiadanvoiculescu.ro\\\/wp-content\\\/uploads\\\/2026\\\/08\\\/31.08-speakeri-cil-comunicat.png\",\"articleSection\":[\"Comunicate de Presa\",\"Congresul Interna\u021bional de Longevitate\",\"Evenimente\",\"Nout\u0103\u021bi cercetare \u0219i dezvoltare\",\"Stiri\"],\"inLanguage\":\"en-US\"},{\"@type\":\"WebPage\",\"@id\":\"https:\\\/\\\/fundatiadanvoiculescu.ro\\\/de-la-tratarea-bolilor-la-incetinirea-imbatranirii-congresul-international-de-longevitate-2026-transforma-bucurestiul-in-capitala-europeana-a-medicinei-viitorului\\\/\",\"url\":\"https:\\\/\\\/fundatiadanvoiculescu.ro\\\/de-la-tratarea-bolilor-la-incetinirea-imbatranirii-congresul-international-de-longevitate-2026-transforma-bucurestiul-in-capitala-europeana-a-medicinei-viitorului\\\/\",\"name\":\"De la tratarea bolilor la \u00eencetinirea \u00eemb\u0103tr\u00e2nirii: Congresul Interna\u021bional de Longevitate 2026 transform\u0103 Bucure\u0219tiul \u00een capitala european\u0103 a medicinei viitorului - Fundatia Dan Voiculescu pentru Dezvoltarea Romaniei\",\"isPartOf\":{\"@id\":\"https:\\\/\\\/fundatiadanvoiculescu.ro\\\/en\\\/#website\"},\"primaryImageOfPage\":{\"@id\":\"https:\\\/\\\/fundatiadanvoiculescu.ro\\\/de-la-tratarea-bolilor-la-incetinirea-imbatranirii-congresul-international-de-longevitate-2026-transforma-bucurestiul-in-capitala-europeana-a-medicinei-viitorului\\\/#primaryimage\"},\"image\":{\"@id\":\"https:\\\/\\\/fundatiadanvoiculescu.ro\\\/de-la-tratarea-bolilor-la-incetinirea-imbatranirii-congresul-international-de-longevitate-2026-transforma-bucurestiul-in-capitala-europeana-a-medicinei-viitorului\\\/#primaryimage\"},\"thumbnailUrl\":\"https:\\\/\\\/fundatiadanvoiculescu.ro\\\/wp-content\\\/uploads\\\/2026\\\/08\\\/31.08-speakeri-cil-comunicat.png\",\"datePublished\":\"2026-08-31T12:39:31+00:00\",\"breadcrumb\":{\"@id\":\"https:\\\/\\\/fundatiadanvoiculescu.ro\\\/de-la-tratarea-bolilor-la-incetinirea-imbatranirii-congresul-international-de-longevitate-2026-transforma-bucurestiul-in-capitala-europeana-a-medicinei-viitorului\\\/#breadcrumb\"},\"inLanguage\":\"en-US\",\"potentialAction\":[{\"@type\":\"ReadAction\",\"target\":[\"https:\\\/\\\/fundatiadanvoiculescu.ro\\\/de-la-tratarea-bolilor-la-incetinirea-imbatranirii-congresul-international-de-longevitate-2026-transforma-bucurestiul-in-capitala-europeana-a-medicinei-viitorului\\\/\"]}]},{\"@type\":\"ImageObject\",\"inLanguage\":\"en-US\",\"@id\":\"https:\\\/\\\/fundatiadanvoiculescu.ro\\\/de-la-tratarea-bolilor-la-incetinirea-imbatranirii-congresul-international-de-longevitate-2026-transforma-bucurestiul-in-capitala-europeana-a-medicinei-viitorului\\\/#primaryimage\",\"url\":\"https:\\\/\\\/fundatiadanvoiculescu.ro\\\/wp-content\\\/uploads\\\/2026\\\/08\\\/31.08-speakeri-cil-comunicat.png\",\"contentUrl\":\"https:\\\/\\\/fundatiadanvoiculescu.ro\\\/wp-content\\\/uploads\\\/2026\\\/08\\\/31.08-speakeri-cil-comunicat.png\",\"width\":1920,\"height\":1080},{\"@type\":\"BreadcrumbList\",\"@id\":\"https:\\\/\\\/fundatiadanvoiculescu.ro\\\/de-la-tratarea-bolilor-la-incetinirea-imbatranirii-congresul-international-de-longevitate-2026-transforma-bucurestiul-in-capitala-europeana-a-medicinei-viitorului\\\/#breadcrumb\",\"itemListElement\":[{\"@type\":\"ListItem\",\"position\":1,\"name\":\"Prima pagin\u0103\",\"item\":\"https:\\\/\\\/fundatiadanvoiculescu.ro\\\/\"},{\"@type\":\"ListItem\",\"position\":2,\"name\":\"De la tratarea bolilor la \u00eencetinirea \u00eemb\u0103tr\u00e2nirii: Congresul Interna\u021bional de Longevitate 2026 transform\u0103 Bucure\u0219tiul \u00een capitala european\u0103 a medicinei viitorului\"}]},{\"@type\":\"WebSite\",\"@id\":\"https:\\\/\\\/fundatiadanvoiculescu.ro\\\/en\\\/#website\",\"url\":\"https:\\\/\\\/fundatiadanvoiculescu.ro\\\/en\\\/\",\"name\":\"Fundatia Dan Voiculescu pentru Dezvoltarea Romaniei\",\"description\":\"\",\"publisher\":{\"@id\":\"https:\\\/\\\/fundatiadanvoiculescu.ro\\\/en\\\/#organization\"},\"potentialAction\":[{\"@type\":\"SearchAction\",\"target\":{\"@type\":\"EntryPoint\",\"urlTemplate\":\"https:\\\/\\\/fundatiadanvoiculescu.ro\\\/en\\\/?s={search_term_string}\"},\"query-input\":{\"@type\":\"PropertyValueSpecification\",\"valueRequired\":true,\"valueName\":\"search_term_string\"}}],\"inLanguage\":\"en-US\"},{\"@type\":\"Organization\",\"@id\":\"https:\\\/\\\/fundatiadanvoiculescu.ro\\\/en\\\/#organization\",\"name\":\"Fundatia Dan Voiculescu\",\"url\":\"https:\\\/\\\/fundatiadanvoiculescu.ro\\\/en\\\/\",\"logo\":{\"@type\":\"ImageObject\",\"inLanguage\":\"en-US\",\"@id\":\"https:\\\/\\\/fundatiadanvoiculescu.ro\\\/en\\\/#\\\/schema\\\/logo\\\/image\\\/\",\"url\":\"https:\\\/\\\/fundatiadanvoiculescu.ro\\\/wp-content\\\/uploads\\\/2018\\\/08\\\/logo-Fundatia-Dan-Voiculescu.png\",\"contentUrl\":\"https:\\\/\\\/fundatiadanvoiculescu.ro\\\/wp-content\\\/uploads\\\/2018\\\/08\\\/logo-Fundatia-Dan-Voiculescu.png\",\"width\":140,\"height\":140,\"caption\":\"Fundatia Dan Voiculescu\"},\"image\":{\"@id\":\"https:\\\/\\\/fundatiadanvoiculescu.ro\\\/en\\\/#\\\/schema\\\/logo\\\/image\\\/\"},\"sameAs\":[\"https:\\\/\\\/www.facebook.com\\\/fdvdr\\\/\",\"https:\\\/\\\/ro.linkedin.com\\\/company\\\/fundatia-dan-voiculescu-pentru-dezvoltarea-romaniei\"]},{\"@type\":\"Person\",\"@id\":\"https:\\\/\\\/fundatiadanvoiculescu.ro\\\/en\\\/#\\\/schema\\\/person\\\/3c93a3f62c738a414a59bf5890a72fad\",\"name\":\"FDVDR\",\"image\":{\"@type\":\"ImageObject\",\"inLanguage\":\"en-US\",\"@id\":\"https:\\\/\\\/secure.gravatar.com\\\/avatar\\\/6aa18a6ef0e4bacf6085f8d5f30458380c6ac37bdf11cb76414c605bc21519dd?s=96&d=mm&r=g\",\"url\":\"https:\\\/\\\/secure.gravatar.com\\\/avatar\\\/6aa18a6ef0e4bacf6085f8d5f30458380c6ac37bdf11cb76414c605bc21519dd?s=96&d=mm&r=g\",\"contentUrl\":\"https:\\\/\\\/secure.gravatar.com\\\/avatar\\\/6aa18a6ef0e4bacf6085f8d5f30458380c6ac37bdf11cb76414c605bc21519dd?s=96&d=mm&r=g\",\"caption\":\"FDVDR\"}}]}<\/script>\n<!-- \/ Yoast SEO plugin. -->","yoast_head_json":{"title":"De la tratarea bolilor la \u00eencetinirea \u00eemb\u0103tr\u00e2nirii: Congresul Interna\u021bional de Longevitate 2026 transform\u0103 Bucure\u0219tiul \u00een capitala european\u0103 a medicinei viitorului - Fundatia Dan Voiculescu pentru Dezvoltarea Romaniei","robots":{"index":"index","follow":"follow","max-snippet":"max-snippet:-1","max-image-preview":"max-image-preview:large","max-video-preview":"max-video-preview:-1"},"canonical":"https:\/\/fundatiadanvoiculescu.ro\/en\/de-la-tratarea-bolilor-la-incetinirea-imbatranirii-congresul-international-de-longevitate-2026-transforma-bucurestiul-in-capitala-europeana-a-medicinei-viitorului\/","og_locale":"en_US","og_type":"article","og_title":"De la tratarea bolilor la \u00eencetinirea \u00eemb\u0103tr\u00e2nirii: Congresul Interna\u021bional de Longevitate 2026 transform\u0103 Bucure\u0219tiul \u00een capitala european\u0103 a medicinei viitorului - Fundatia Dan Voiculescu pentru Dezvoltarea Romaniei","og_description":"Senatul \u0218tiin\u021bific al Funda\u021biei Dan Voiculescu pentru Dezvoltarea Rom\u00e2niei conecteaz\u0103 cercetarea \u0219i practica medical\u0103 din \u021bara noastr\u0103 la cele mai \u00eenalte standarde interna\u021bionale, aduc\u00e2nd \u00een Rom\u00e2nia cele mai noi descoperiri, tehnologii anti-aging \u0219i protocoale de preven\u021bie \u00een cadrul celei de-a doua edi\u021bii a Congresului Interna\u021bional de Longevitate &#8211; un eveniment \u0219tiin\u021bific de referin\u021b\u0103 la nivel [&hellip;]","og_url":"https:\/\/fundatiadanvoiculescu.ro\/en\/de-la-tratarea-bolilor-la-incetinirea-imbatranirii-congresul-international-de-longevitate-2026-transforma-bucurestiul-in-capitala-europeana-a-medicinei-viitorului\/","og_site_name":"Fundatia Dan Voiculescu pentru Dezvoltarea Romaniei","article_publisher":"https:\/\/www.facebook.com\/fdvdr\/","article_published_time":"2026-08-31T12:39:31+00:00","og_image":[{"width":1920,"height":1080,"url":"https:\/\/fundatiadanvoiculescu.ro\/wp-content\/uploads\/2026\/08\/31.08-speakeri-cil-comunicat.png","type":"image\/png"}],"author":"FDVDR","twitter_card":"summary_large_image","twitter_misc":{"Written by":"FDVDR","Est. reading time":"4 minutes"},"schema":{"@context":"https:\/\/schema.org","@graph":[{"@type":"Article","@id":"https:\/\/fundatiadanvoiculescu.ro\/de-la-tratarea-bolilor-la-incetinirea-imbatranirii-congresul-international-de-longevitate-2026-transforma-bucurestiul-in-capitala-europeana-a-medicinei-viitorului\/#article","isPartOf":{"@id":"https:\/\/fundatiadanvoiculescu.ro\/de-la-tratarea-bolilor-la-incetinirea-imbatranirii-congresul-international-de-longevitate-2026-transforma-bucurestiul-in-capitala-europeana-a-medicinei-viitorului\/"},"author":{"name":"FDVDR","@id":"https:\/\/fundatiadanvoiculescu.ro\/en\/#\/schema\/person\/3c93a3f62c738a414a59bf5890a72fad"},"headline":"De la tratarea bolilor la \u00eencetinirea \u00eemb\u0103tr\u00e2nirii: Congresul Interna\u021bional de Longevitate 2026 transform\u0103 Bucure\u0219tiul \u00een capitala european\u0103 a medicinei viitorului","datePublished":"2026-08-31T12:39:31+00:00","mainEntityOfPage":{"@id":"https:\/\/fundatiadanvoiculescu.ro\/de-la-tratarea-bolilor-la-incetinirea-imbatranirii-congresul-international-de-longevitate-2026-transforma-bucurestiul-in-capitala-europeana-a-medicinei-viitorului\/"},"wordCount":738,"publisher":{"@id":"https:\/\/fundatiadanvoiculescu.ro\/en\/#organization"},"image":{"@id":"https:\/\/fundatiadanvoiculescu.ro\/de-la-tratarea-bolilor-la-incetinirea-imbatranirii-congresul-international-de-longevitate-2026-transforma-bucurestiul-in-capitala-europeana-a-medicinei-viitorului\/#primaryimage"},"thumbnailUrl":"https:\/\/fundatiadanvoiculescu.ro\/wp-content\/uploads\/2026\/08\/31.08-speakeri-cil-comunicat.png","articleSection":["Comunicate de Presa","Congresul Interna\u021bional de Longevitate","Evenimente","Nout\u0103\u021bi cercetare \u0219i dezvoltare","Stiri"],"inLanguage":"en-US"},{"@type":"WebPage","@id":"https:\/\/fundatiadanvoiculescu.ro\/de-la-tratarea-bolilor-la-incetinirea-imbatranirii-congresul-international-de-longevitate-2026-transforma-bucurestiul-in-capitala-europeana-a-medicinei-viitorului\/","url":"https:\/\/fundatiadanvoiculescu.ro\/de-la-tratarea-bolilor-la-incetinirea-imbatranirii-congresul-international-de-longevitate-2026-transforma-bucurestiul-in-capitala-europeana-a-medicinei-viitorului\/","name":"De la tratarea bolilor la \u00eencetinirea \u00eemb\u0103tr\u00e2nirii: Congresul Interna\u021bional de Longevitate 2026 transform\u0103 Bucure\u0219tiul \u00een capitala european\u0103 a medicinei viitorului - Fundatia Dan Voiculescu pentru Dezvoltarea Romaniei","isPartOf":{"@id":"https:\/\/fundatiadanvoiculescu.ro\/en\/#website"},"primaryImageOfPage":{"@id":"https:\/\/fundatiadanvoiculescu.ro\/de-la-tratarea-bolilor-la-incetinirea-imbatranirii-congresul-international-de-longevitate-2026-transforma-bucurestiul-in-capitala-europeana-a-medicinei-viitorului\/#primaryimage"},"image":{"@id":"https:\/\/fundatiadanvoiculescu.ro\/de-la-tratarea-bolilor-la-incetinirea-imbatranirii-congresul-international-de-longevitate-2026-transforma-bucurestiul-in-capitala-europeana-a-medicinei-viitorului\/#primaryimage"},"thumbnailUrl":"https:\/\/fundatiadanvoiculescu.ro\/wp-content\/uploads\/2026\/08\/31.08-speakeri-cil-comunicat.png","datePublished":"2026-08-31T12:39:31+00:00","breadcrumb":{"@id":"https:\/\/fundatiadanvoiculescu.ro\/de-la-tratarea-bolilor-la-incetinirea-imbatranirii-congresul-international-de-longevitate-2026-transforma-bucurestiul-in-capitala-europeana-a-medicinei-viitorului\/#breadcrumb"},"inLanguage":"en-US","potentialAction":[{"@type":"ReadAction","target":["https:\/\/fundatiadanvoiculescu.ro\/de-la-tratarea-bolilor-la-incetinirea-imbatranirii-congresul-international-de-longevitate-2026-transforma-bucurestiul-in-capitala-europeana-a-medicinei-viitorului\/"]}]},{"@type":"ImageObject","inLanguage":"en-US","@id":"https:\/\/fundatiadanvoiculescu.ro\/de-la-tratarea-bolilor-la-incetinirea-imbatranirii-congresul-international-de-longevitate-2026-transforma-bucurestiul-in-capitala-europeana-a-medicinei-viitorului\/#primaryimage","url":"https:\/\/fundatiadanvoiculescu.ro\/wp-content\/uploads\/2026\/08\/31.08-speakeri-cil-comunicat.png","contentUrl":"https:\/\/fundatiadanvoiculescu.ro\/wp-content\/uploads\/2026\/08\/31.08-speakeri-cil-comunicat.png","width":1920,"height":1080},{"@type":"BreadcrumbList","@id":"https:\/\/fundatiadanvoiculescu.ro\/de-la-tratarea-bolilor-la-incetinirea-imbatranirii-congresul-international-de-longevitate-2026-transforma-bucurestiul-in-capitala-europeana-a-medicinei-viitorului\/#breadcrumb","itemListElement":[{"@type":"ListItem","position":1,"name":"Prima pagin\u0103","item":"https:\/\/fundatiadanvoiculescu.ro\/"},{"@type":"ListItem","position":2,"name":"De la tratarea bolilor la \u00eencetinirea \u00eemb\u0103tr\u00e2nirii: Congresul Interna\u021bional de Longevitate 2026 transform\u0103 Bucure\u0219tiul \u00een capitala european\u0103 a medicinei viitorului"}]},{"@type":"WebSite","@id":"https:\/\/fundatiadanvoiculescu.ro\/en\/#website","url":"https:\/\/fundatiadanvoiculescu.ro\/en\/","name":"Dan Voiculescu Foundation for the Development of Romania","description":"","publisher":{"@id":"https:\/\/fundatiadanvoiculescu.ro\/en\/#organization"},"potentialAction":[{"@type":"SearchAction","target":{"@type":"EntryPoint","urlTemplate":"https:\/\/fundatiadanvoiculescu.ro\/en\/?s={search_term_string}"},"query-input":{"@type":"PropertyValueSpecification","valueRequired":true,"valueName":"search_term_string"}}],"inLanguage":"en-US"},{"@type":"Organization","@id":"https:\/\/fundatiadanvoiculescu.ro\/en\/#organization","name":"Fundatia Dan Voiculescu","url":"https:\/\/fundatiadanvoiculescu.ro\/en\/","logo":{"@type":"ImageObject","inLanguage":"en-US","@id":"https:\/\/fundatiadanvoiculescu.ro\/en\/#\/schema\/logo\/image\/","url":"https:\/\/fundatiadanvoiculescu.ro\/wp-content\/uploads\/2018\/08\/logo-Fundatia-Dan-Voiculescu.png","contentUrl":"https:\/\/fundatiadanvoiculescu.ro\/wp-content\/uploads\/2018\/08\/logo-Fundatia-Dan-Voiculescu.png","width":140,"height":140,"caption":"Fundatia Dan Voiculescu"},"image":{"@id":"https:\/\/fundatiadanvoiculescu.ro\/en\/#\/schema\/logo\/image\/"},"sameAs":["https:\/\/www.facebook.com\/fdvdr\/","https:\/\/ro.linkedin.com\/company\/fundatia-dan-voiculescu-pentru-dezvoltarea-romaniei"]},{"@type":"Person","@id":"https:\/\/fundatiadanvoiculescu.ro\/en\/#\/schema\/person\/3c93a3f62c738a414a59bf5890a72fad","name":"FDVDR","image":{"@type":"ImageObject","inLanguage":"en-US","@id":"https:\/\/secure.gravatar.com\/avatar\/6aa18a6ef0e4bacf6085f8d5f30458380c6ac37bdf11cb76414c605bc21519dd?s=96&d=mm&r=g","url":"https:\/\/secure.gravatar.com\/avatar\/6aa18a6ef0e4bacf6085f8d5f30458380c6ac37bdf11cb76414c605bc21519dd?s=96&d=mm&r=g","contentUrl":"https:\/\/secure.gravatar.com\/avatar\/6aa18a6ef0e4bacf6085f8d5f30458380c6ac37bdf11cb76414c605bc21519dd?s=96&d=mm&r=g","caption":"FDVDR"}}]}},"jetpack_sharing_enabled":true,"jetpack_featured_media_url":"https:\/\/fundatiadanvoiculescu.ro\/wp-content\/uploads\/2026\/08\/31.08-speakeri-cil-comunicat.png","_links":{"self":[{"href":"https:\/\/fundatiadanvoiculescu.ro\/en\/wp-json\/wp\/v2\/posts\/54806","targetHints":{"allow":["GET"]}}],"collection":[{"href":"https:\/\/fundatiadanvoiculescu.ro\/en\/wp-json\/wp\/v2\/posts"}],"about":[{"href":"https:\/\/fundatiadanvoiculescu.ro\/en\/wp-json\/wp\/v2\/types\/post"}],"author":[{"embeddable":true,"href":"https:\/\/fundatiadanvoiculescu.ro\/en\/wp-json\/wp\/v2\/users\/4436"}],"replies":[{"embeddable":true,"href":"https:\/\/fundatiadanvoiculescu.ro\/en\/wp-json\/wp\/v2\/comments?post=54806"}],"version-history":[{"count":1,"href":"https:\/\/fundatiadanvoiculescu.ro\/en\/wp-json\/wp\/v2\/posts\/54806\/revisions"}],"predecessor-version":[{"id":54808,"href":"https:\/\/fundatiadanvoiculescu.ro\/en\/wp-json\/wp\/v2\/posts\/54806\/revisions\/54808"}],"wp:featuredmedia":[{"embeddable":true,"href":"https:\/\/fundatiadanvoiculescu.ro\/en\/wp-json\/wp\/v2\/media\/54807"}],"wp:attachment":[{"href":"https:\/\/fundatiadanvoiculescu.ro\/en\/wp-json\/wp\/v2\/media?parent=54806"}],"wp:term":[{"taxonomy":"category","embeddable":true,"href":"https:\/\/fundatiadanvoiculescu.ro\/en\/wp-json\/wp\/v2\/categories?post=54806"},{"taxonomy":"post_tag","embeddable":true,"href":"https:\/\/fundatiadanvoiculescu.ro\/en\/wp-json\/wp\/v2\/tags?post=54806"}],"curies":[{"name":"wp","href":"https:\/\/api.w.org\/{rel}","templated":true}]}}